{"id":1101,"date":"2022-04-23T09:12:47","date_gmt":"2022-04-23T07:12:47","guid":{"rendered":"https:\/\/www.hammarsten.biz\/?p=1101"},"modified":"2022-04-23T09:12:47","modified_gmt":"2022-04-23T07:12:47","slug":"overlamning-av-projekt-mellan-arbetschef-och-projektchef","status":"publish","type":"post","link":"https:\/\/www.hammarsten.biz\/?p=1101","title":{"rendered":"\u00d6verl\u00e4mning av projekt mellan Arbetschef och Projektchef"},"content":{"rendered":"<h1><strong>\u00d6verl\u00e4mning av projekt fr\u00e5n AC \u2013 till Projektchef\/Platschef<\/strong><\/h1>\n<h2><strong><u>Min uppfattning av projektet<\/u><\/strong><\/h2>\n<p style=\"font-weight: 400;\">H\u00e4r beskriver du som AC hur du ser p\u00e5 projektet.<\/p>\n<ul>\n<li>Sv\u00e5righetsgrad<\/li>\n<li>Utmaningar<\/li>\n<li>Om det finns speciella f\u00f6ruts\u00e4ttningar som g\u00e4ller f\u00f6r projektet.<\/li>\n<\/ul>\n<h2 style=\"font-weight: 400;\"><strong>Operativa M\u00e5l<\/strong><\/h2>\n<p style=\"font-weight: 400;\"><strong>Under operativa m\u00e5l beskriver du vilka operativa m\u00e5l som g\u00e4ller f\u00f6r projektet. Ex.<\/strong><\/p>\n<ul>\n<li>\u00d6verl\u00e4mning till best\u00e4llaren xxxx (Datum)<\/li>\n<li>Noll allvarliga Olyckor<\/li>\n<li>Noll allvarliga Tillbud<\/li>\n<li>Milj\u00f6m\u00e5l: Sorteringsgrad \u2265 x% Deponi \u2264 x %<\/li>\n<li>Ekonomi TG1 \u2265 x %<\/li>\n<li>NKI \u2265xx<\/li>\n<li>100% genomf\u00f6rda 5 varf\u00f6r p\u00e5 olyckor &amp; tillbud<\/li>\n<\/ul>\n<h2 style=\"font-weight: 400;\"><strong>\u00a0<\/strong><strong>Ansvar<\/strong><\/h2>\n<p style=\"font-weight: 400;\"><strong>Under ansvar beskriver du vilket ansvar som du delegerar till projektchefen eller den du \u00f6verl\u00e4mnar projektet till. Det kan ju ocks\u00e5 vara en Platschef.<\/strong><\/p>\n<p style=\"font-weight: 400;\"><strong>Ex.<\/strong><\/p>\n<ul>\n<li>Ansvarsf\u00f6rdelning AC=&gt;PrC Arbetsmilj\u00f6<\/li>\n<li>Delegering AC=&gt;PrC Milj\u00f6<\/li>\n<li>Projektchef ska Styra och Leda projektorganisation mot uppsatta operativa m\u00e5l<\/li>\n<li>Bas-U<\/li>\n<li>Bas-P<\/li>\n<\/ul>\n<p style=\"font-weight: 400;\"><strong>\u00a0<\/strong><strong>\u00a0<\/strong><\/p>\n<h2 style=\"font-weight: 400;\"><strong>Befogenheter<\/strong><\/h2>\n<p style=\"font-weight: 400;\"><strong>Under befogenheter beskriver du vilka befogenheter PrC eller Platschef har att fatta beslut utifr\u00e5n.<\/strong><\/p>\n<p style=\"font-weight: 400;\"><strong>Ex.<\/strong><\/p>\n<ul>\n<li>Ink\u00f6psbefogenhet xxxxx kr vid ink\u00f6p tillsammans med EI eller projektink\u00f6pare<\/li>\n<li>Ekonomisk befogenhet <strong><u>PrC<\/u><\/strong> xxxx kr<\/li>\n<li>Ekonomisk befogenhet <strong><u>PC<\/u><\/strong> x kr<\/li>\n<\/ul>\n<p>&nbsp;<\/p>\n<h2 style=\"font-weight: 400;\"><strong>Kompetens<\/strong><\/h2>\n<p style=\"font-weight: 400;\"><strong>Under kompetens beskriver du vilken \u00f6vrig kompetens som du bed\u00f6mer beh\u00f6vs f\u00f6r att lyckas i projektet och som inte finns i den ordinarie organisationen.<\/strong><\/p>\n<p style=\"font-weight: 400;\"><strong>Ex. <\/strong><\/p>\n<ul>\n<li>St\u00f6dresurser, dvs alla st\u00f6dfunktioner<\/li>\n<li>Extern konsulthj\u00e4lp<\/li>\n<\/ul>\n<h2 style=\"font-weight: 400;\"><strong>Hj\u00e4lpmedel<\/strong><\/h2>\n<p style=\"font-weight: 400;\"><strong>Under hj\u00e4lpmedel beskriver du vilka \u00f6vriga hj\u00e4lpmedel som du bed\u00f6mer beh\u00f6vs f\u00f6r att lyckas i projektet och som inte finns i den ordinarie organisationen.<\/strong><\/p>\n<p style=\"font-weight: 400;\"><strong>Ex.<\/strong><\/p>\n<ul>\n<li>Verktyg<\/li>\n<li>Maskiner<\/li>\n<\/ul>\n<h2 style=\"font-weight: 400;\"><strong>Resurser<\/strong><\/h2>\n<p style=\"font-weight: 400;\"><strong>Under resurser beskriver du vilka personella resurser som du tilldelar PrC eller platschef och som denne disponerar under hela eller delar av projektet.<\/strong><\/p>\n<ul>\n<li>PC:<\/li>\n<li>EI:<\/li>\n<li>AL1<\/li>\n<li>AL2<\/li>\n<li>AL 3 &amp; 4, (ej tillsatt Datum)<\/li>\n<li>St\u00f6dresurser (se <strong>Kompetens<\/strong>)<\/li>\n<li>Hantverkare (K\u00e4rntrupp) tas fram av Pc<\/li>\n<\/ul>\n<h2 style=\"font-weight: 400;\"><strong>Styrningar<\/strong><\/h2>\n<p style=\"font-weight: 400;\"><strong>Under styrningar delger du PrC eller Pc vilka skall krav som g\u00e4ller f\u00f6r projektet och som cheferna i projektet m\u00e5ste f\u00f6rh\u00e5lla sig till.<\/strong><\/p>\n<p style=\"font-weight: 400;\"><strong>Ex.<\/strong><\/p>\n<ul style=\"font-weight: 400;\">\n<li>Milstolpar som ska redovisas i projektets Huvudtidplan vid redovisning till Ac\n<ul>\n<li>Start Projektering<\/li>\n<li>Start skyddsrum<\/li>\n<li>Start Stomme<\/li>\n<li>T\u00e4tt Hus<\/li>\n<li>Tid f\u00f6r F\u00f6rbesiktning<\/li>\n<li>Tid f\u00f6r Slutbesiktning.<br \/>\n<h2>\u00d6vrigt<\/h2>\n<\/li>\n<\/ul>\n<\/li>\n<li>Aktivitetslistan skall brytas ner i delmoment f\u00f6r att m\u00f6jligg\u00f6ra tydlig ansvarsf\u00f6rdelning och m\u00f6jlighet till uppf\u00f6ljning.<\/li>\n<li>Uppgifter skall ansvarsf\u00f6rdelas samt tids\u00e4ttas.<\/li>\n<li>Rapportering fr\u00e5n projektchef till AC sker var 14e dag p\u00e5 v\u00e5rt gemensamma rapportm\u00f6te; inf\u00f6r vartannat m\u00f6te vill jag att indikatorerna skall vara ifyllda.<\/li>\n<\/ul>\n<p style=\"font-weight: 400;\"><strong>\u00a0<\/strong><\/p>\n<h2 style=\"font-weight: 400;\"><strong>Hemuppgift.<\/strong><\/h2>\n<p style=\"font-weight: 400;\"><strong>Under hemuppgift\u00a0 ger du den du \u00f6verl\u00e4mnar projektet till uppgift att g\u00e5 hem och fundera p\u00e5 ovanst\u00e5ende f\u00f6ruts\u00e4ttningar. Ex p\u00e5 fr\u00e5gest\u00e4llningar kan vara:<\/strong><\/p>\n<p style=\"font-weight: 400;\"><strong>\u00a0<\/strong><\/p>\n<ul>\n<li>Hur ser du p\u00e5 tidsf\u00f6rh\u00e5llandena i projetet i relation till tilldelade resurser.<\/li>\n<li>Vilka st\u00f6dfunktioner beh\u00f6ver du \u00f6ver tiden i projektet och n\u00e4r beh\u00f6vs dom.<\/li>\n<li>Funder kring milstolparna. Ser du att n\u00e5gon kan tas bort eller skall det l\u00e4ggas till n\u00e5gon.<\/li>\n<li>Ta fram en grov tidplan f\u00f6r projektet till n\u00e4sta g\u00e5ng.<\/li>\n<\/ul>\n<p style=\"font-weight: 400;\"><strong>Fundera p\u00e5 ovanst\u00e5ende fr\u00e5gest\u00e4llningar och kom tillbaka om 3 veckor d\u00e5 vi formellt genomf\u00f6r \u00f6verl\u00e4mningen.<\/strong><\/p>\n<p style=\"font-weight: 400;\"><strong>Karlstad 2022-04-22<\/strong><\/p>\n<p style=\"font-weight: 400;\"><strong>Xxxxxxxxxxxx<\/strong><\/p>\n<p style=\"font-weight: 400;\">Arbetschef<\/p>\n<p style=\"font-weight: 400;\">\n","protected":false},"excerpt":{"rendered":"<p>\u00d6verl\u00e4mning av projekt fr\u00e5n AC \u2013 till Projektchef\/Platschef Min uppfattning av projektet H\u00e4r beskriver du som AC hur du ser p\u00e5 projektet. Sv\u00e5righetsgrad Utmaningar Om det finns speciella f\u00f6ruts\u00e4ttningar som g\u00e4ller f\u00f6r projektet. Operativa M\u00e5l Under operativa m\u00e5l beskriver du vilka operativa m\u00e5l som g\u00e4ller f\u00f6r projektet. Ex. \u00d6verl\u00e4mning till&hellip; <\/p>\n","protected":false},"author":4,"featured_media":0,"comment_status":"closed","ping_status":"closed","sticky":false,"template":"","format":"standard","meta":{"_exactmetrics_skip_tracking":false,"_exactmetrics_sitenote_active":false,"_exactmetrics_sitenote_note":"","_exactmetrics_sitenote_category":0,"footnotes":""},"categories":[401],"tags":[402,403],"class_list":["post-1101","post","type-post","status-publish","format-standard","hentry","category-overlamning","tag-overlamning","tag-projekt"],"yoast_head":"<!-- This site is optimized with the Yoast SEO plugin v27.7 - https:\/\/yoast.com\/product\/yoast-seo-wordpress\/ -->\n<title>\u00d6verl\u00e4mning av projekt mellan Arbetschef och Projektchef - Hammarsten Ledarutveckling<\/title>\n<meta name=\"robots\" content=\"index, follow, max-snippet:-1, max-image-preview:large, max-video-preview:-1\" \/>\n<link rel=\"canonical\" href=\"https:\/\/www.hammarsten.biz\/?p=1101\" \/>\n<meta property=\"og:locale\" content=\"en_US\" \/>\n<meta property=\"og:type\" content=\"article\" \/>\n<meta property=\"og:title\" content=\"\u00d6verl\u00e4mning av projekt mellan Arbetschef och Projektchef - Hammarsten Ledarutveckling\" \/>\n<meta property=\"og:description\" content=\"\u00d6verl\u00e4mning av projekt fr\u00e5n AC \u2013 till Projektchef\/Platschef Min uppfattning av projektet H\u00e4r beskriver du som AC hur du ser p\u00e5 projektet. Sv\u00e5righetsgrad Utmaningar Om det finns speciella f\u00f6ruts\u00e4ttningar som g\u00e4ller f\u00f6r projektet. Operativa M\u00e5l Under operativa m\u00e5l beskriver du vilka operativa m\u00e5l som g\u00e4ller f\u00f6r projektet. Ex. \u00d6verl\u00e4mning till&hellip;\" \/>\n<meta property=\"og:url\" content=\"https:\/\/www.hammarsten.biz\/?p=1101\" \/>\n<meta property=\"og:site_name\" content=\"Hammarsten Ledarutveckling\" \/>\n<meta property=\"article:published_time\" content=\"2022-04-23T07:12:47+00:00\" \/>\n<meta name=\"author\" content=\"Lennart Hammarsten\" \/>\n<meta name=\"twitter:label1\" content=\"Written by\" \/>\n\t<meta name=\"twitter:data1\" content=\"Lennart Hammarsten\" \/>\n\t<meta name=\"twitter:label2\" content=\"Est. reading time\" \/>\n\t<meta name=\"twitter:data2\" content=\"3 minutes\" \/>\n<script type=\"application\/ld+json\" class=\"yoast-schema-graph\">{\"@context\":\"https:\\\/\\\/schema.org\",\"@graph\":[{\"@type\":\"Article\",\"@id\":\"https:\\\/\\\/www.hammarsten.biz\\\/?p=1101#article\",\"isPartOf\":{\"@id\":\"https:\\\/\\\/www.hammarsten.biz\\\/?p=1101\"},\"author\":{\"name\":\"Lennart Hammarsten\",\"@id\":\"https:\\\/\\\/www.hammarsten.biz\\\/#\\\/schema\\\/person\\\/eb92f3c577e8526f411c58c448f55b7b\"},\"headline\":\"\u00d6verl\u00e4mning av projekt mellan Arbetschef och Projektchef\",\"datePublished\":\"2022-04-23T07:12:47+00:00\",\"mainEntityOfPage\":{\"@id\":\"https:\\\/\\\/www.hammarsten.biz\\\/?p=1101\"},\"wordCount\":542,\"keywords\":[\"\u00d6verl\u00e4mning\",\"Projekt\"],\"articleSection\":[\"\u00d6verl\u00e4mning\"],\"inLanguage\":\"en-US\"},{\"@type\":\"WebPage\",\"@id\":\"https:\\\/\\\/www.hammarsten.biz\\\/?p=1101\",\"url\":\"https:\\\/\\\/www.hammarsten.biz\\\/?p=1101\",\"name\":\"\u00d6verl\u00e4mning av projekt mellan Arbetschef och Projektchef - Hammarsten Ledarutveckling\",\"isPartOf\":{\"@id\":\"https:\\\/\\\/www.hammarsten.biz\\\/#website\"},\"datePublished\":\"2022-04-23T07:12:47+00:00\",\"author\":{\"@id\":\"https:\\\/\\\/www.hammarsten.biz\\\/#\\\/schema\\\/person\\\/eb92f3c577e8526f411c58c448f55b7b\"},\"breadcrumb\":{\"@id\":\"https:\\\/\\\/www.hammarsten.biz\\\/?p=1101#breadcrumb\"},\"inLanguage\":\"en-US\",\"potentialAction\":[{\"@type\":\"ReadAction\",\"target\":[\"https:\\\/\\\/www.hammarsten.biz\\\/?p=1101\"]}]},{\"@type\":\"BreadcrumbList\",\"@id\":\"https:\\\/\\\/www.hammarsten.biz\\\/?p=1101#breadcrumb\",\"itemListElement\":[{\"@type\":\"ListItem\",\"position\":1,\"name\":\"Hem\",\"item\":\"https:\\\/\\\/www.hammarsten.biz\\\/\"},{\"@type\":\"ListItem\",\"position\":2,\"name\":\"\u00d6verl\u00e4mning av projekt mellan Arbetschef och Projektchef\"}]},{\"@type\":\"WebSite\",\"@id\":\"https:\\\/\\\/www.hammarsten.biz\\\/#website\",\"url\":\"https:\\\/\\\/www.hammarsten.biz\\\/\",\"name\":\"Hammarsten Ledarutveckling\",\"description\":\"\",\"potentialAction\":[{\"@type\":\"SearchAction\",\"target\":{\"@type\":\"EntryPoint\",\"urlTemplate\":\"https:\\\/\\\/www.hammarsten.biz\\\/?s={search_term_string}\"},\"query-input\":{\"@type\":\"PropertyValueSpecification\",\"valueRequired\":true,\"valueName\":\"search_term_string\"}}],\"inLanguage\":\"en-US\"},{\"@type\":\"Person\",\"@id\":\"https:\\\/\\\/www.hammarsten.biz\\\/#\\\/schema\\\/person\\\/eb92f3c577e8526f411c58c448f55b7b\",\"name\":\"Lennart Hammarsten\",\"image\":{\"@type\":\"ImageObject\",\"inLanguage\":\"en-US\",\"@id\":\"https:\\\/\\\/secure.gravatar.com\\\/avatar\\\/e595dc786207b17b2344edc77601cb2f45f5ca811fff1ba29ceafad2e910c01a?s=96&d=mm&r=g\",\"url\":\"https:\\\/\\\/secure.gravatar.com\\\/avatar\\\/e595dc786207b17b2344edc77601cb2f45f5ca811fff1ba29ceafad2e910c01a?s=96&d=mm&r=g\",\"contentUrl\":\"https:\\\/\\\/secure.gravatar.com\\\/avatar\\\/e595dc786207b17b2344edc77601cb2f45f5ca811fff1ba29ceafad2e910c01a?s=96&d=mm&r=g\",\"caption\":\"Lennart Hammarsten\"},\"sameAs\":[\"https:\\\/\\\/www.hammarsten.biz\"],\"url\":\"https:\\\/\\\/www.hammarsten.biz\\\/?author=4\"}]}<\/script>\n<!-- \/ Yoast SEO plugin. -->","yoast_head_json":{"title":"\u00d6verl\u00e4mning av projekt mellan Arbetschef och Projektchef - Hammarsten Ledarutveckling","robots":{"index":"index","follow":"follow","max-snippet":"max-snippet:-1","max-image-preview":"max-image-preview:large","max-video-preview":"max-video-preview:-1"},"canonical":"https:\/\/www.hammarsten.biz\/?p=1101","og_locale":"en_US","og_type":"article","og_title":"\u00d6verl\u00e4mning av projekt mellan Arbetschef och Projektchef - Hammarsten Ledarutveckling","og_description":"\u00d6verl\u00e4mning av projekt fr\u00e5n AC \u2013 till Projektchef\/Platschef Min uppfattning av projektet H\u00e4r beskriver du som AC hur du ser p\u00e5 projektet. Sv\u00e5righetsgrad Utmaningar Om det finns speciella f\u00f6ruts\u00e4ttningar som g\u00e4ller f\u00f6r projektet. Operativa M\u00e5l Under operativa m\u00e5l beskriver du vilka operativa m\u00e5l som g\u00e4ller f\u00f6r projektet. Ex. \u00d6verl\u00e4mning till&hellip;","og_url":"https:\/\/www.hammarsten.biz\/?p=1101","og_site_name":"Hammarsten Ledarutveckling","article_published_time":"2022-04-23T07:12:47+00:00","author":"Lennart Hammarsten","twitter_misc":{"Written by":"Lennart Hammarsten","Est. reading time":"3 minutes"},"schema":{"@context":"https:\/\/schema.org","@graph":[{"@type":"Article","@id":"https:\/\/www.hammarsten.biz\/?p=1101#article","isPartOf":{"@id":"https:\/\/www.hammarsten.biz\/?p=1101"},"author":{"name":"Lennart Hammarsten","@id":"https:\/\/www.hammarsten.biz\/#\/schema\/person\/eb92f3c577e8526f411c58c448f55b7b"},"headline":"\u00d6verl\u00e4mning av projekt mellan Arbetschef och Projektchef","datePublished":"2022-04-23T07:12:47+00:00","mainEntityOfPage":{"@id":"https:\/\/www.hammarsten.biz\/?p=1101"},"wordCount":542,"keywords":["\u00d6verl\u00e4mning","Projekt"],"articleSection":["\u00d6verl\u00e4mning"],"inLanguage":"en-US"},{"@type":"WebPage","@id":"https:\/\/www.hammarsten.biz\/?p=1101","url":"https:\/\/www.hammarsten.biz\/?p=1101","name":"\u00d6verl\u00e4mning av projekt mellan Arbetschef och Projektchef - Hammarsten Ledarutveckling","isPartOf":{"@id":"https:\/\/www.hammarsten.biz\/#website"},"datePublished":"2022-04-23T07:12:47+00:00","author":{"@id":"https:\/\/www.hammarsten.biz\/#\/schema\/person\/eb92f3c577e8526f411c58c448f55b7b"},"breadcrumb":{"@id":"https:\/\/www.hammarsten.biz\/?p=1101#breadcrumb"},"inLanguage":"en-US","potentialAction":[{"@type":"ReadAction","target":["https:\/\/www.hammarsten.biz\/?p=1101"]}]},{"@type":"BreadcrumbList","@id":"https:\/\/www.hammarsten.biz\/?p=1101#breadcrumb","itemListElement":[{"@type":"ListItem","position":1,"name":"Hem","item":"https:\/\/www.hammarsten.biz\/"},{"@type":"ListItem","position":2,"name":"\u00d6verl\u00e4mning av projekt mellan Arbetschef och Projektchef"}]},{"@type":"WebSite","@id":"https:\/\/www.hammarsten.biz\/#website","url":"https:\/\/www.hammarsten.biz\/","name":"Hammarsten Ledarutveckling","description":"","potentialAction":[{"@type":"SearchAction","target":{"@type":"EntryPoint","urlTemplate":"https:\/\/www.hammarsten.biz\/?s={search_term_string}"},"query-input":{"@type":"PropertyValueSpecification","valueRequired":true,"valueName":"search_term_string"}}],"inLanguage":"en-US"},{"@type":"Person","@id":"https:\/\/www.hammarsten.biz\/#\/schema\/person\/eb92f3c577e8526f411c58c448f55b7b","name":"Lennart Hammarsten","image":{"@type":"ImageObject","inLanguage":"en-US","@id":"https:\/\/secure.gravatar.com\/avatar\/e595dc786207b17b2344edc77601cb2f45f5ca811fff1ba29ceafad2e910c01a?s=96&d=mm&r=g","url":"https:\/\/secure.gravatar.com\/avatar\/e595dc786207b17b2344edc77601cb2f45f5ca811fff1ba29ceafad2e910c01a?s=96&d=mm&r=g","contentUrl":"https:\/\/secure.gravatar.com\/avatar\/e595dc786207b17b2344edc77601cb2f45f5ca811fff1ba29ceafad2e910c01a?s=96&d=mm&r=g","caption":"Lennart Hammarsten"},"sameAs":["https:\/\/www.hammarsten.biz"],"url":"https:\/\/www.hammarsten.biz\/?author=4"}]}},"_links":{"self":[{"href":"https:\/\/www.hammarsten.biz\/index.php?rest_route=\/wp\/v2\/posts\/1101","targetHints":{"allow":["GET"]}}],"collection":[{"href":"https:\/\/www.hammarsten.biz\/index.php?rest_route=\/wp\/v2\/posts"}],"about":[{"href":"https:\/\/www.hammarsten.biz\/index.php?rest_route=\/wp\/v2\/types\/post"}],"author":[{"embeddable":true,"href":"https:\/\/www.hammarsten.biz\/index.php?rest_route=\/wp\/v2\/users\/4"}],"replies":[{"embeddable":true,"href":"https:\/\/www.hammarsten.biz\/index.php?rest_route=%2Fwp%2Fv2%2Fcomments&post=1101"}],"version-history":[{"count":2,"href":"https:\/\/www.hammarsten.biz\/index.php?rest_route=\/wp\/v2\/posts\/1101\/revisions"}],"predecessor-version":[{"id":1103,"href":"https:\/\/www.hammarsten.biz\/index.php?rest_route=\/wp\/v2\/posts\/1101\/revisions\/1103"}],"wp:attachment":[{"href":"https:\/\/www.hammarsten.biz\/index.php?rest_route=%2Fwp%2Fv2%2Fmedia&parent=1101"}],"wp:term":[{"taxonomy":"category","embeddable":true,"href":"https:\/\/www.hammarsten.biz\/index.php?rest_route=%2Fwp%2Fv2%2Fcategories&post=1101"},{"taxonomy":"post_tag","embeddable":true,"href":"https:\/\/www.hammarsten.biz\/index.php?rest_route=%2Fwp%2Fv2%2Ftags&post=1101"}],"curies":[{"name":"wp","href":"https:\/\/api.w.org\/{rel}","templated":true}]}}