{"id":1140,"date":"2023-03-03T19:42:12","date_gmt":"2023-03-03T18:42:12","guid":{"rendered":"https:\/\/www.hammarsten.biz\/?p=1140"},"modified":"2023-03-03T19:42:12","modified_gmt":"2023-03-03T18:42:12","slug":"operativt-ledningsmote","status":"publish","type":"post","link":"https:\/\/www.hammarsten.biz\/?p=1140","title":{"rendered":"Operativt ledningsm\u00f6te"},"content":{"rendered":"<p><strong>Effektiva operativa m\u00f6ten<\/strong><br \/>\nDet operativa m\u00f6tet \u00e4r det m\u00f6te d\u00e4r jag som chef skall skaffa mig kontroll p\u00e5 l\u00e4get och som jag redovisat ovan, jag skall ha kontroll i tre steg. M\u00f6tet syftar ocks\u00e5 till att jag som chef bjuder in hela den operativa ledningen till att vi tillsammans har en gemensam helhetssyn kring hur verksamheten g\u00e5r. M\u00f6tet \u00e4r indelat i tre faser. Rapporterings-, besluts- och framtidsfas.<\/p>\n<p><a href=\"https:\/\/www.hammarsten.biz\/wp-content\/uploads\/2018\/12\/Slutrapport-ledar-och-fabriksledningsgruppstraning.jpg\"><img loading=\"lazy\" decoding=\"async\" src=\"https:\/\/www.hammarsten.biz\/wp-content\/uploads\/2018\/12\/Slutrapport-ledar-och-fabriksledningsgruppstraning-300x130.jpg\" alt=\"Slutrapport ledar och fabriksledningsgruppstr\u00e4ning\" width=\"300\" height=\"130\" class=\"alignnone size-medium wp-image-662\" srcset=\"https:\/\/www.hammarsten.biz\/wp-content\/uploads\/2018\/12\/Slutrapport-ledar-och-fabriksledningsgruppstraning-300x130.jpg 300w, https:\/\/www.hammarsten.biz\/wp-content\/uploads\/2018\/12\/Slutrapport-ledar-och-fabriksledningsgruppstraning-768x333.jpg 768w, https:\/\/www.hammarsten.biz\/wp-content\/uploads\/2018\/12\/Slutrapport-ledar-och-fabriksledningsgruppstraning-1024x444.jpg 1024w, https:\/\/www.hammarsten.biz\/wp-content\/uploads\/2018\/12\/Slutrapport-ledar-och-fabriksledningsgruppstraning.jpg 1500w\" sizes=\"auto, (max-width: 300px) 100vw, 300px\" \/><\/a><br \/>\n<strong>Rapporteringsfas<\/strong>:<\/p>\n<p>Rapporteringsfasen handlar om att ledningsgruppen skall f\u00e5 kontroll p\u00e5 hur den senaste veckan har g\u00e5tt samt l\u00e4get just nu, i relation till det operativa m\u00e5let. Eftersom varje chef har sagt ja till att ta ansvar f\u00f6r sitt ansvarsomr\u00e5de kommer man in till det operativa m\u00f6tet och till sin chef och avrapporterar l\u00e4get. I avrapporteringen redovisar jag hur jag ligger till utifr\u00e5n det operativa m\u00e5let men ocks\u00e5 hur jag upplever ansvaromr\u00e5dets effektivitet och arbetsgl\u00e4dje. Rapporteringen \u00e4r p\u00e5 max 5 minuter. N\u00e4r mina underst\u00e4llda chefer avrapporterar s\u00e5 sitter jag som chef och lyssnar. Skulle det vara s\u00e5 att underst\u00e4lld chefs bild av verkligheten inte st\u00e4mmer \u00f6verens med chefens bild s\u00e5 utmanar chefen sin underst\u00e4llde ledare. Utmaningen kan resultera i att underst\u00e4lld chef kan f\u00e5 g\u00e5 ut och r\u00e4tta till saker som chefen p\u00e5pekat. N\u00e4r alla underst\u00e4llda chefer har rapporterat s\u00e5 har hela ledningsgruppen en gemensam bild \u00f6ver hur verksamheten g\u00e5r utifr\u00e5n det operativa m\u00e5let och vilka behov av f\u00f6r\u00e4ndring eller utveckling som beh\u00f6vs. Rapporteringsfasen avslutas med att chefen summerar l\u00e4get samt \u00e4r tydlig med vad som skall utvecklas f\u00f6r att det skall fungera \u00e4nnu b\u00e4ttre. Utifr\u00e5n summeringen informerar \u00e4ven chefen vart han\/hon kommer att fokusera sitt ledarskap framgent.<br \/>\nRiktlinjer f\u00f6r rapporteringsfasen:<br \/>\n\u2022 Under rapporteringsfasen l\u00f6ses inga st\u00f6rre problem, d.v.s man processar ingenting. Finns det behov av att l\u00f6sa st\u00f6rre problem sammankallar chefen till ett behovsm\u00f6te eller s\u00e5 tas fr\u00e5gan upp under fasen beslut.<br \/>\n\u2022 Underst\u00e4llda chefer kommer med f\u00f6rslag p\u00e5 l\u00f6sningar och prioriteringar i sin rapportering. Eftersom en underst\u00e4lld chef sagt ja till sitt uppdrag skall aldrig en \u00f6verordnad chef beh\u00f6va fr\u00e5ga hur han\/hon t\u00e4nker n\u00e5 det operativa m\u00e5let. Det ligger i underst\u00e4llds uppdrag att komma med l\u00f6sningar. Se nedan.<\/p>\n<p><strong>Beslutsfasen<\/strong><br \/>\nN\u00e4r m\u00f6teseffektiviteten \u00e4r som b\u00e4st s\u00e5 kommer beslutsfasen. H\u00e4r fattar ledningsgruppen beslut kring f\u00f6rberedda fr\u00e5gor. Det \u00e4r v\u00e4ldigt s\u00e4llan som gruppen fattar beslut i fr\u00e5gor som uppkommer under rapporteringsfasen. Det \u00e4r endast i undantagsfall. Fr\u00e5gorna gruppen fattar beslut om \u00e4r fr\u00e5gor som kommer fr\u00e5n tidigare ledningsm\u00f6ten och har hunnit f\u00f6rberedas av alla i gruppen.<\/p>\n<p><strong>Framtidsfasen<\/strong>.<br \/>\nI framtidsfasen, n\u00e4r m\u00f6teseffektiviteten b\u00f6rjar avta, g\u00e5r chefen in och informerar. Det kan vara information fr\u00e5n \u00f6verordnad ledningsgrupp, vart han\/hon kommer att vara den n\u00e4rmsta veckan eller att jag p\u00e5minner om en gemensam aktivitet som h\u00e4nder och som jag informerat om tidigare. Det kan vara att n\u00e5gon st\u00f6dfunktion eller personalfunktion informerar, men ocks\u00e5 n\u00e5gon underst\u00e4lld chef som vill informera om t.ex. ett projekt han\/hon skall starta upp.<br \/>\nN\u00e4r m\u00f6tet \u00e4r avslutat efter ca.60 -90 minuter har nu hela den operativa ledningsgruppen en gemensam helhetssyn kring NU-N\u00c4STA STEG och P\u00c5 SIKT.<br \/>\nSom jag p\u00e5talat tidigare s\u00e5 genomf\u00f6rs de operativa m\u00f6tena med kontinuitet f\u00f6r att s\u00e4kerst\u00e4lla en h\u00f6g och gemensam l\u00e4gstaniv\u00e5 kring kontroll av verksamheten. Genom detta f\u00f6rfarande har jag som chef standardiserat v\u00e5ra m\u00f6ten, d\u00e4r jag skapar f\u00f6ruts\u00e4ttningar f\u00f6r mig sj\u00e4lv att f\u00e5 kontroll men ocks\u00e5 att jag har m\u00f6jlighet att utmana eller st\u00f6tta mina underst\u00e4llda chefer i sitt ledarskap.<\/p>\n<p><strong>Proaktiv ledarskap\/rapportering<\/strong><\/strong><br \/>\nDen mest utmanande delen i att utveckla en effektiv organisation \u00e4r att tr\u00e4na chefer\/ledare till ett proaktivt ledarskap. Ett ledarskap d\u00e4r jag som ledare \u201d\u00e4ger\u201d och tar fullt ansvar \u00f6ver mitt ansvarsomr\u00e5de. N\u00e4r ledarna v\u00e4l \u00e4r d\u00e4r s\u00e5 kommer det proaktiva ledarskapet automatiskt. Det proaktiva ledarskapet inneb\u00e4r att jag tar fullt ansvar \u00f6ver \u201dmin\u201d verksamhet. Jag driver det utifr\u00e5n de grundf\u00f6ruts\u00e4ttningar som redovisats ovan. Jag har kontinuerliga operativa m\u00f6ten med min personal samt att jag genomf\u00f6r professionella rapporteringar p\u00e5 min chefs operativa m\u00f6ten. Rapporteringar som utg\u00e5 fr\u00e5n det operativa m\u00e5let. N\u00e5r jag inte m\u00e5let fullt ut \u00e4r jag tydlig med vilka behov jag har, samt att jag prioriterat behoven och \u00e4r tydlig med n\u00e4r dom beh\u00f6ver vara tillgodosedda. Att bedriva ett proaktivt ledarskap inneb\u00e4r ocks\u00e5 att jag rapporterar till min chef viktiga h\u00e4ndelser som sker i mitt ansvaromr\u00e5de mellan de operativa ledningsm\u00f6tena samt att jag st\u00e4ller krav p\u00e5 information om jag vet att det finns viktig information som inte kommit ut.<\/p>\n","protected":false},"excerpt":{"rendered":"<p>Effektiva operativa m\u00f6ten Det operativa m\u00f6tet \u00e4r det m\u00f6te d\u00e4r jag som chef skall skaffa mig kontroll p\u00e5 l\u00e4get och som jag redovisat ovan, jag skall ha kontroll i tre steg. M\u00f6tet syftar ocks\u00e5 till att jag som chef bjuder in hela den operativa ledningen till att vi tillsammans har&hellip; <\/p>\n","protected":false},"author":4,"featured_media":0,"comment_status":"closed","ping_status":"closed","sticky":false,"template":"","format":"standard","meta":{"_exactmetrics_skip_tracking":false,"_exactmetrics_sitenote_active":false,"_exactmetrics_sitenote_note":"","_exactmetrics_sitenote_category":0,"footnotes":""},"categories":[15],"tags":[],"class_list":["post-1140","post","type-post","status-publish","format-standard","hentry","category-ledningsgruppsutveckling"],"yoast_head":"<!-- This site is optimized with the Yoast SEO plugin v27.7 - https:\/\/yoast.com\/product\/yoast-seo-wordpress\/ -->\n<title>Operativt ledningsm\u00f6te - Hammarsten Ledarutveckling<\/title>\n<meta name=\"robots\" content=\"index, follow, max-snippet:-1, max-image-preview:large, max-video-preview:-1\" \/>\n<link rel=\"canonical\" href=\"https:\/\/www.hammarsten.biz\/?p=1140\" \/>\n<meta property=\"og:locale\" content=\"en_US\" \/>\n<meta property=\"og:type\" content=\"article\" \/>\n<meta property=\"og:title\" content=\"Operativt ledningsm\u00f6te - Hammarsten Ledarutveckling\" \/>\n<meta property=\"og:description\" content=\"Effektiva operativa m\u00f6ten Det operativa m\u00f6tet \u00e4r det m\u00f6te d\u00e4r jag som chef skall skaffa mig kontroll p\u00e5 l\u00e4get och som jag redovisat ovan, jag skall ha kontroll i tre steg. M\u00f6tet syftar ocks\u00e5 till att jag som chef bjuder in hela den operativa ledningen till att vi tillsammans har&hellip;\" \/>\n<meta property=\"og:url\" content=\"https:\/\/www.hammarsten.biz\/?p=1140\" \/>\n<meta property=\"og:site_name\" content=\"Hammarsten Ledarutveckling\" \/>\n<meta property=\"article:published_time\" content=\"2023-03-03T18:42:12+00:00\" \/>\n<meta property=\"og:image\" content=\"https:\/\/www.hammarsten.biz\/wp-content\/uploads\/2018\/12\/Slutrapport-ledar-och-fabriksledningsgruppstraning-300x130.jpg\" \/>\n<meta name=\"author\" content=\"Lennart Hammarsten\" \/>\n<meta name=\"twitter:label1\" content=\"Written by\" \/>\n\t<meta name=\"twitter:data1\" content=\"Lennart Hammarsten\" \/>\n<script type=\"application\/ld+json\" class=\"yoast-schema-graph\">{\"@context\":\"https:\\\/\\\/schema.org\",\"@graph\":[{\"@type\":\"Article\",\"@id\":\"https:\\\/\\\/www.hammarsten.biz\\\/?p=1140#article\",\"isPartOf\":{\"@id\":\"https:\\\/\\\/www.hammarsten.biz\\\/?p=1140\"},\"author\":{\"name\":\"Lennart Hammarsten\",\"@id\":\"https:\\\/\\\/www.hammarsten.biz\\\/#\\\/schema\\\/person\\\/eb92f3c577e8526f411c58c448f55b7b\"},\"headline\":\"Operativt ledningsm\u00f6te\",\"datePublished\":\"2023-03-03T18:42:12+00:00\",\"mainEntityOfPage\":{\"@id\":\"https:\\\/\\\/www.hammarsten.biz\\\/?p=1140\"},\"wordCount\":851,\"image\":{\"@id\":\"https:\\\/\\\/www.hammarsten.biz\\\/?p=1140#primaryimage\"},\"thumbnailUrl\":\"https:\\\/\\\/www.hammarsten.biz\\\/wp-content\\\/uploads\\\/2018\\\/12\\\/Slutrapport-ledar-och-fabriksledningsgruppstraning-300x130.jpg\",\"articleSection\":[\"Ledningsgruppsutveckling\"],\"inLanguage\":\"en-US\"},{\"@type\":\"WebPage\",\"@id\":\"https:\\\/\\\/www.hammarsten.biz\\\/?p=1140\",\"url\":\"https:\\\/\\\/www.hammarsten.biz\\\/?p=1140\",\"name\":\"Operativt ledningsm\u00f6te - Hammarsten Ledarutveckling\",\"isPartOf\":{\"@id\":\"https:\\\/\\\/www.hammarsten.biz\\\/#website\"},\"primaryImageOfPage\":{\"@id\":\"https:\\\/\\\/www.hammarsten.biz\\\/?p=1140#primaryimage\"},\"image\":{\"@id\":\"https:\\\/\\\/www.hammarsten.biz\\\/?p=1140#primaryimage\"},\"thumbnailUrl\":\"https:\\\/\\\/www.hammarsten.biz\\\/wp-content\\\/uploads\\\/2018\\\/12\\\/Slutrapport-ledar-och-fabriksledningsgruppstraning-300x130.jpg\",\"datePublished\":\"2023-03-03T18:42:12+00:00\",\"author\":{\"@id\":\"https:\\\/\\\/www.hammarsten.biz\\\/#\\\/schema\\\/person\\\/eb92f3c577e8526f411c58c448f55b7b\"},\"breadcrumb\":{\"@id\":\"https:\\\/\\\/www.hammarsten.biz\\\/?p=1140#breadcrumb\"},\"inLanguage\":\"en-US\",\"potentialAction\":[{\"@type\":\"ReadAction\",\"target\":[\"https:\\\/\\\/www.hammarsten.biz\\\/?p=1140\"]}]},{\"@type\":\"ImageObject\",\"inLanguage\":\"en-US\",\"@id\":\"https:\\\/\\\/www.hammarsten.biz\\\/?p=1140#primaryimage\",\"url\":\"https:\\\/\\\/www.hammarsten.biz\\\/wp-content\\\/uploads\\\/2018\\\/12\\\/Slutrapport-ledar-och-fabriksledningsgruppstraning.jpg\",\"contentUrl\":\"https:\\\/\\\/www.hammarsten.biz\\\/wp-content\\\/uploads\\\/2018\\\/12\\\/Slutrapport-ledar-och-fabriksledningsgruppstraning.jpg\",\"width\":1500,\"height\":650,\"caption\":\"Slutrapport ledar och fabriksledningsgruppstr\u00e4ning\"},{\"@type\":\"BreadcrumbList\",\"@id\":\"https:\\\/\\\/www.hammarsten.biz\\\/?p=1140#breadcrumb\",\"itemListElement\":[{\"@type\":\"ListItem\",\"position\":1,\"name\":\"Hem\",\"item\":\"https:\\\/\\\/www.hammarsten.biz\\\/\"},{\"@type\":\"ListItem\",\"position\":2,\"name\":\"Operativt ledningsm\u00f6te\"}]},{\"@type\":\"WebSite\",\"@id\":\"https:\\\/\\\/www.hammarsten.biz\\\/#website\",\"url\":\"https:\\\/\\\/www.hammarsten.biz\\\/\",\"name\":\"Hammarsten Ledarutveckling\",\"description\":\"\",\"potentialAction\":[{\"@type\":\"SearchAction\",\"target\":{\"@type\":\"EntryPoint\",\"urlTemplate\":\"https:\\\/\\\/www.hammarsten.biz\\\/?s={search_term_string}\"},\"query-input\":{\"@type\":\"PropertyValueSpecification\",\"valueRequired\":true,\"valueName\":\"search_term_string\"}}],\"inLanguage\":\"en-US\"},{\"@type\":\"Person\",\"@id\":\"https:\\\/\\\/www.hammarsten.biz\\\/#\\\/schema\\\/person\\\/eb92f3c577e8526f411c58c448f55b7b\",\"name\":\"Lennart Hammarsten\",\"image\":{\"@type\":\"ImageObject\",\"inLanguage\":\"en-US\",\"@id\":\"https:\\\/\\\/secure.gravatar.com\\\/avatar\\\/e595dc786207b17b2344edc77601cb2f45f5ca811fff1ba29ceafad2e910c01a?s=96&d=mm&r=g\",\"url\":\"https:\\\/\\\/secure.gravatar.com\\\/avatar\\\/e595dc786207b17b2344edc77601cb2f45f5ca811fff1ba29ceafad2e910c01a?s=96&d=mm&r=g\",\"contentUrl\":\"https:\\\/\\\/secure.gravatar.com\\\/avatar\\\/e595dc786207b17b2344edc77601cb2f45f5ca811fff1ba29ceafad2e910c01a?s=96&d=mm&r=g\",\"caption\":\"Lennart Hammarsten\"},\"sameAs\":[\"https:\\\/\\\/www.hammarsten.biz\"],\"url\":\"https:\\\/\\\/www.hammarsten.biz\\\/?author=4\"}]}<\/script>\n<!-- \/ Yoast SEO plugin. -->","yoast_head_json":{"title":"Operativt ledningsm\u00f6te - Hammarsten Ledarutveckling","robots":{"index":"index","follow":"follow","max-snippet":"max-snippet:-1","max-image-preview":"max-image-preview:large","max-video-preview":"max-video-preview:-1"},"canonical":"https:\/\/www.hammarsten.biz\/?p=1140","og_locale":"en_US","og_type":"article","og_title":"Operativt ledningsm\u00f6te - Hammarsten Ledarutveckling","og_description":"Effektiva operativa m\u00f6ten Det operativa m\u00f6tet \u00e4r det m\u00f6te d\u00e4r jag som chef skall skaffa mig kontroll p\u00e5 l\u00e4get och som jag redovisat ovan, jag skall ha kontroll i tre steg. M\u00f6tet syftar ocks\u00e5 till att jag som chef bjuder in hela den operativa ledningen till att vi tillsammans har&hellip;","og_url":"https:\/\/www.hammarsten.biz\/?p=1140","og_site_name":"Hammarsten Ledarutveckling","article_published_time":"2023-03-03T18:42:12+00:00","og_image":[{"url":"https:\/\/www.hammarsten.biz\/wp-content\/uploads\/2018\/12\/Slutrapport-ledar-och-fabriksledningsgruppstraning-300x130.jpg","type":"","width":"","height":""}],"author":"Lennart Hammarsten","twitter_misc":{"Written by":"Lennart Hammarsten"},"schema":{"@context":"https:\/\/schema.org","@graph":[{"@type":"Article","@id":"https:\/\/www.hammarsten.biz\/?p=1140#article","isPartOf":{"@id":"https:\/\/www.hammarsten.biz\/?p=1140"},"author":{"name":"Lennart Hammarsten","@id":"https:\/\/www.hammarsten.biz\/#\/schema\/person\/eb92f3c577e8526f411c58c448f55b7b"},"headline":"Operativt ledningsm\u00f6te","datePublished":"2023-03-03T18:42:12+00:00","mainEntityOfPage":{"@id":"https:\/\/www.hammarsten.biz\/?p=1140"},"wordCount":851,"image":{"@id":"https:\/\/www.hammarsten.biz\/?p=1140#primaryimage"},"thumbnailUrl":"https:\/\/www.hammarsten.biz\/wp-content\/uploads\/2018\/12\/Slutrapport-ledar-och-fabriksledningsgruppstraning-300x130.jpg","articleSection":["Ledningsgruppsutveckling"],"inLanguage":"en-US"},{"@type":"WebPage","@id":"https:\/\/www.hammarsten.biz\/?p=1140","url":"https:\/\/www.hammarsten.biz\/?p=1140","name":"Operativt ledningsm\u00f6te - Hammarsten Ledarutveckling","isPartOf":{"@id":"https:\/\/www.hammarsten.biz\/#website"},"primaryImageOfPage":{"@id":"https:\/\/www.hammarsten.biz\/?p=1140#primaryimage"},"image":{"@id":"https:\/\/www.hammarsten.biz\/?p=1140#primaryimage"},"thumbnailUrl":"https:\/\/www.hammarsten.biz\/wp-content\/uploads\/2018\/12\/Slutrapport-ledar-och-fabriksledningsgruppstraning-300x130.jpg","datePublished":"2023-03-03T18:42:12+00:00","author":{"@id":"https:\/\/www.hammarsten.biz\/#\/schema\/person\/eb92f3c577e8526f411c58c448f55b7b"},"breadcrumb":{"@id":"https:\/\/www.hammarsten.biz\/?p=1140#breadcrumb"},"inLanguage":"en-US","potentialAction":[{"@type":"ReadAction","target":["https:\/\/www.hammarsten.biz\/?p=1140"]}]},{"@type":"ImageObject","inLanguage":"en-US","@id":"https:\/\/www.hammarsten.biz\/?p=1140#primaryimage","url":"https:\/\/www.hammarsten.biz\/wp-content\/uploads\/2018\/12\/Slutrapport-ledar-och-fabriksledningsgruppstraning.jpg","contentUrl":"https:\/\/www.hammarsten.biz\/wp-content\/uploads\/2018\/12\/Slutrapport-ledar-och-fabriksledningsgruppstraning.jpg","width":1500,"height":650,"caption":"Slutrapport ledar och fabriksledningsgruppstr\u00e4ning"},{"@type":"BreadcrumbList","@id":"https:\/\/www.hammarsten.biz\/?p=1140#breadcrumb","itemListElement":[{"@type":"ListItem","position":1,"name":"Hem","item":"https:\/\/www.hammarsten.biz\/"},{"@type":"ListItem","position":2,"name":"Operativt ledningsm\u00f6te"}]},{"@type":"WebSite","@id":"https:\/\/www.hammarsten.biz\/#website","url":"https:\/\/www.hammarsten.biz\/","name":"Hammarsten Ledarutveckling","description":"","potentialAction":[{"@type":"SearchAction","target":{"@type":"EntryPoint","urlTemplate":"https:\/\/www.hammarsten.biz\/?s={search_term_string}"},"query-input":{"@type":"PropertyValueSpecification","valueRequired":true,"valueName":"search_term_string"}}],"inLanguage":"en-US"},{"@type":"Person","@id":"https:\/\/www.hammarsten.biz\/#\/schema\/person\/eb92f3c577e8526f411c58c448f55b7b","name":"Lennart Hammarsten","image":{"@type":"ImageObject","inLanguage":"en-US","@id":"https:\/\/secure.gravatar.com\/avatar\/e595dc786207b17b2344edc77601cb2f45f5ca811fff1ba29ceafad2e910c01a?s=96&d=mm&r=g","url":"https:\/\/secure.gravatar.com\/avatar\/e595dc786207b17b2344edc77601cb2f45f5ca811fff1ba29ceafad2e910c01a?s=96&d=mm&r=g","contentUrl":"https:\/\/secure.gravatar.com\/avatar\/e595dc786207b17b2344edc77601cb2f45f5ca811fff1ba29ceafad2e910c01a?s=96&d=mm&r=g","caption":"Lennart Hammarsten"},"sameAs":["https:\/\/www.hammarsten.biz"],"url":"https:\/\/www.hammarsten.biz\/?author=4"}]}},"_links":{"self":[{"href":"https:\/\/www.hammarsten.biz\/index.php?rest_route=\/wp\/v2\/posts\/1140","targetHints":{"allow":["GET"]}}],"collection":[{"href":"https:\/\/www.hammarsten.biz\/index.php?rest_route=\/wp\/v2\/posts"}],"about":[{"href":"https:\/\/www.hammarsten.biz\/index.php?rest_route=\/wp\/v2\/types\/post"}],"author":[{"embeddable":true,"href":"https:\/\/www.hammarsten.biz\/index.php?rest_route=\/wp\/v2\/users\/4"}],"replies":[{"embeddable":true,"href":"https:\/\/www.hammarsten.biz\/index.php?rest_route=%2Fwp%2Fv2%2Fcomments&post=1140"}],"version-history":[{"count":3,"href":"https:\/\/www.hammarsten.biz\/index.php?rest_route=\/wp\/v2\/posts\/1140\/revisions"}],"predecessor-version":[{"id":1144,"href":"https:\/\/www.hammarsten.biz\/index.php?rest_route=\/wp\/v2\/posts\/1140\/revisions\/1144"}],"wp:attachment":[{"href":"https:\/\/www.hammarsten.biz\/index.php?rest_route=%2Fwp%2Fv2%2Fmedia&parent=1140"}],"wp:term":[{"taxonomy":"category","embeddable":true,"href":"https:\/\/www.hammarsten.biz\/index.php?rest_route=%2Fwp%2Fv2%2Fcategories&post=1140"},{"taxonomy":"post_tag","embeddable":true,"href":"https:\/\/www.hammarsten.biz\/index.php?rest_route=%2Fwp%2Fv2%2Ftags&post=1140"}],"curies":[{"name":"wp","href":"https:\/\/api.w.org\/{rel}","templated":true}]}}