{"id":942,"date":"2019-11-26T16:09:24","date_gmt":"2019-11-26T15:09:24","guid":{"rendered":"https:\/\/www.hammarsten.biz\/?p=942"},"modified":"2024-10-31T19:11:12","modified_gmt":"2024-10-31T18:11:12","slug":"praktisk-ledartraning-i-verklig-miljo","status":"publish","type":"post","link":"https:\/\/www.hammarsten.biz\/?p=942","title":{"rendered":"Praktisk ledartr\u00e4ning i verklig milj\u00f6 f\u00f6r Platschef och Arbetsledare"},"content":{"rendered":"<h2>Ledartr\u00e4ning f\u00f6r platschef- och arbetsledare\u00a0inom ramen f\u00f6r Hammarstens-modellen.<\/h2>\n<h3><\/h3>\n<h3>M\u00e5ls\u00e4ttning: Platsledningsm\u00f6te<\/h3>\n<p><strong>DELTAGARE:<\/strong> Platschef, arbetsledare och Entreprenadingeng\u00f6r<\/p>\n<h3>\u00d6vergripande m\u00e5l<\/h3>\n<p>Platsledningsgruppen och respektive ledare skall efter genomf\u00f6rd tr\u00e4ning:<\/p>\n<ul>\n<li>Utvecklat sin f\u00f6rm\u00e5ga att genomf\u00f6ra effektiva operativa platsledningsm\u00f6ten enligt Visuell Planering Produktion (VPP)<\/li>\n<li>Utvecklat en god f\u00f6rm\u00e5ga att tillsammans planera verksamheten, d\u00e4r delm\u00e5l och milstolpar tydligg\u00f6rs.<\/li>\n<li>Utvecklat en god f\u00f6rm\u00e5ga att ha kontroll p\u00e5 projektet utifr\u00e5n perspektiven, Nu, N\u00e4sta steg och p\u00e5 sikt.<\/li>\n<\/ul>\n<p>Nedan: Platsledningen i projekt Djup\u00e4ngen i Karlstad tr\u00e4nar operativt platsledningsm\u00f6te<\/p>\n<p><a href=\"https:\/\/www.hammarsten.biz\/wp-content\/uploads\/2019\/11\/15C73006-B666-4955-9691-34DA39922449_1_105_c.jpeg\"><img loading=\"lazy\" decoding=\"async\" class=\"alignnone size-medium wp-image-943\" src=\"https:\/\/www.hammarsten.biz\/wp-content\/uploads\/2019\/11\/15C73006-B666-4955-9691-34DA39922449_1_105_c-225x300.jpeg\" alt=\"\" width=\"225\" height=\"300\" srcset=\"https:\/\/www.hammarsten.biz\/wp-content\/uploads\/2019\/11\/15C73006-B666-4955-9691-34DA39922449_1_105_c-225x300.jpeg 225w, https:\/\/www.hammarsten.biz\/wp-content\/uploads\/2019\/11\/15C73006-B666-4955-9691-34DA39922449_1_105_c.jpeg 768w\" sizes=\"auto, (max-width: 225px) 100vw, 225px\" \/><\/a><\/p>\n<h3>M\u00e5ls\u00e4ttning: Arbetsledarens planeringsm\u00f6te<\/h3>\n<p><strong>DELTAGARE:<\/strong> Arbetsledare, underst\u00e4llda underentrepren\u00f6rer och teamrepresentanter fr\u00e5n Peab.<\/p>\n<h3>\u00d6vergripande m\u00e5l Arbetsledarens &#8221; ledningsgrupp&#8221;<\/h3>\n<p>&#8220;Ledningsgruppen&#8221; skall efter genomf\u00f6rd tr\u00e4ning:<\/p>\n<ul>\n<li>Utvecklat sin f\u00f6rm\u00e5ga att genomf\u00f6ra effektiva operativa planeringsm\u00f6ten enligt Visuell Planering Produktion (VPP)<\/li>\n<li>Utvecklat en god f\u00f6rm\u00e5ga att tillsammans detaljplanera utifr\u00e5n f\u00f6rutbest\u00e4mda delm\u00e5l f\u00f6r gruppen.<\/li>\n<li>Utvecklat en god f\u00f6rm\u00e5ga att ha gemensam syn kring Nu-N\u00e4sta steg och P\u00e5 sikt f\u00f6r &#8220;ledningsgruppen&#8221; i relation till delm\u00e5l och milstolpe.<\/li>\n<\/ul>\n<p>Arbetsledaren skall efter genomf\u00f6rs tr\u00e4ning utvecklat en god f\u00f6rm\u00e5ga att:<\/p>\n<ul>\n<li>Agera utifr\u00e5n ett tydligt, m\u00e5lstyrt och medvetet ledarskap i relation till st\u00f6dfunktioner, egen personal och underentrepren\u00f6rer.<\/li>\n<li>Summera underentrepren\u00f6rernas rapportering och utifr\u00e5n summeringen kunna fatta operativa beslut.<\/li>\n<li>Kunna genomf\u00f6ra tydliga och personliga informationer om hur denne ser p\u00e5 genomf\u00f6rd och kommande verksamhet.<\/li>\n<li>Rapportera l\u00e4get utifr\u00e5n genomf\u00f6rt m\u00f6te, till platschefen, vid PC veckom\u00f6te<\/li>\n<li>Leda sitt ansvaromr\u00e5de utifr\u00e5n ett trestegst\u00e4nkande. (Nu-N\u00e4stasteg och P\u00e5 sikt.<\/li>\n<li>Utifr\u00e5n sin ledardeklaration och gemensamma planering utmana sina underst\u00e4llda. (underentrepren\u00f6rer och egna hantverkare).<\/li>\n<\/ul>\n<h3>M\u00e5ls\u00e4ttning: Platschefens veckom\u00f6te<\/h3>\n<p><strong>DELTAGARE:<\/strong>\u00a0Platschef, arbetsledare, underst\u00e4llda underentrepren\u00f6rer och teamrepresentanter fr\u00e5n Peab.<\/p>\n<h3>\u00d6vergripande m\u00e5l<\/h3>\n<p>Samtliga ledare, ledande mont\u00f6rer och teamrepresentanter skall efter genomf\u00f6rd tr\u00e4ning:<\/p>\n<ul>\n<li>Utvecklat sin f\u00f6rm\u00e5ga att genomf\u00f6ra effektiva veckom\u00f6te enligt Visuell Planering Produktion (VPP)<\/li>\n<li>Utvecklat en god f\u00f6rm\u00e5ga att ha gemensam syn kring Nu-N\u00e4sta steg och P\u00e5 sikt f\u00f6r projektet i relation till delm\u00e5l och milstolpar.<\/li>\n<\/ul>\n<p>Platschefen skall efter genomf\u00f6rd tr\u00e4ning utvecklat en god f\u00f6rm\u00e5ga att:<\/p>\n<ul>\n<li>Summera arbetsledarnas rapportering och utifr\u00e5n summeringen kunna fatta operativa beslut.<\/li>\n<li>Kunna genomf\u00f6ra tydliga och personliga informationer om hur denne ser p\u00e5 genomf\u00f6rd och kommande verksamhet.<\/li>\n<li>Utifr\u00e5n sin ledardeklaration och gemensam planering utmana sina underst\u00e4llda.<\/li>\n<\/ul>\n<p>Arbetsledaren skall efter genomf\u00f6rs tr\u00e4ning utvecklat en god f\u00f6rm\u00e5ga att:<\/p>\n<ul>\n<li>Rapportera l\u00e4get utifr\u00e5n genomf\u00f6rt planeringsm\u00f6te, till platschefen.<\/li>\n<\/ul>\n<p>Nedan: Platsledningen i projekt Djup\u00e4ngen i Karlstad under platschefens veckom\u00f6te<\/p>\n<h3><a href=\"https:\/\/www.hammarsten.biz\/wp-content\/uploads\/2019\/11\/25B223EB-184C-483E-B169-BE964EA47CA8_1_105_c.jpeg\"><img loading=\"lazy\" decoding=\"async\" class=\"alignnone wp-image-944\" src=\"https:\/\/www.hammarsten.biz\/wp-content\/uploads\/2019\/11\/25B223EB-184C-483E-B169-BE964EA47CA8_1_105_c-300x225.jpeg\" alt=\"\" width=\"398\" height=\"298\" srcset=\"https:\/\/www.hammarsten.biz\/wp-content\/uploads\/2019\/11\/25B223EB-184C-483E-B169-BE964EA47CA8_1_105_c-300x225.jpeg 300w, https:\/\/www.hammarsten.biz\/wp-content\/uploads\/2019\/11\/25B223EB-184C-483E-B169-BE964EA47CA8_1_105_c-768x576.jpeg 768w, https:\/\/www.hammarsten.biz\/wp-content\/uploads\/2019\/11\/25B223EB-184C-483E-B169-BE964EA47CA8_1_105_c.jpeg 1024w\" sizes=\"auto, (max-width: 398px) 100vw, 398px\" \/><\/a><\/h3>\n<h3>Nedanst\u00e5ende \u00e4mnesomr\u00e5den integreras och tr\u00e4nas i utvecklingsprocessen.<\/h3>\n<ul>\n<li>Platschefens (PC) och arbetsledarnas (AL) personliga ledardeklaration.<\/li>\n<li>M\u00e5lstyrda team och underentrepren\u00f6rsteam.<\/li>\n<li>M\u00e5lgemenskap kring NU-N\u00e4sta steg och P\u00e5 sikt i AL lokala\u00a0ledningsgrupp och Platsledningsgruppen.<\/li>\n<li>Proaktivt m\u00e5lstyrt ledarskap genom trestegst\u00e4nkande hos AL och PC. (Nu, N\u00e4sta steg och P\u00e5 sikt)<\/li>\n<li>Praktisk tr\u00e4ning av AL och PC Morgonm\u00f6ten<\/li>\n<li>Att ing\u00e5 i en ledningsgrupp \u2013 uppgift och ansvar<\/li>\n<li>Effektiv l\u00f6sningsfokuserad rapportering<\/li>\n<li>Effektiv kommunikation<\/li>\n<li>Konflikthantering\/sv\u00e5ra samtal<\/li>\n<\/ul>\n","protected":false},"excerpt":{"rendered":"<p>Ledartr\u00e4ning f\u00f6r platschef- och arbetsledare\u00a0inom ramen f\u00f6r Hammarstens-modellen. M\u00e5ls\u00e4ttning: Platsledningsm\u00f6te DELTAGARE: Platschef, arbetsledare och Entreprenadingeng\u00f6r \u00d6vergripande m\u00e5l Platsledningsgruppen och respektive ledare skall efter genomf\u00f6rd tr\u00e4ning: Utvecklat sin f\u00f6rm\u00e5ga att genomf\u00f6ra effektiva operativa platsledningsm\u00f6ten enligt Visuell Planering Produktion (VPP) Utvecklat en god f\u00f6rm\u00e5ga att tillsammans planera verksamheten, d\u00e4r delm\u00e5l och milstolpar&hellip; <\/p>\n","protected":false},"author":4,"featured_media":0,"comment_status":"closed","ping_status":"closed","sticky":false,"template":"","format":"standard","meta":{"_exactmetrics_skip_tracking":false,"_exactmetrics_sitenote_active":false,"_exactmetrics_sitenote_note":"","_exactmetrics_sitenote_category":0,"footnotes":""},"categories":[178,7],"tags":[],"class_list":["post-942","post","type-post","status-publish","format-standard","hentry","category-hammarstens-modellen","category-ledartraning"],"yoast_head":"<!-- This site is optimized with the Yoast SEO plugin v27.7 - https:\/\/yoast.com\/product\/yoast-seo-wordpress\/ -->\n<title>Praktisk ledartr\u00e4ning i verklig milj\u00f6 f\u00f6r Platschef och Arbetsledare - Hammarsten Ledarutveckling<\/title>\n<meta name=\"robots\" content=\"index, follow, max-snippet:-1, max-image-preview:large, max-video-preview:-1\" \/>\n<link rel=\"canonical\" href=\"https:\/\/www.hammarsten.biz\/?p=942\" \/>\n<meta property=\"og:locale\" content=\"en_US\" \/>\n<meta property=\"og:type\" content=\"article\" \/>\n<meta property=\"og:title\" content=\"Praktisk ledartr\u00e4ning i verklig milj\u00f6 f\u00f6r Platschef och Arbetsledare - Hammarsten Ledarutveckling\" \/>\n<meta property=\"og:description\" content=\"Ledartr\u00e4ning f\u00f6r platschef- och arbetsledare\u00a0inom ramen f\u00f6r Hammarstens-modellen. M\u00e5ls\u00e4ttning: Platsledningsm\u00f6te DELTAGARE: Platschef, arbetsledare och Entreprenadingeng\u00f6r \u00d6vergripande m\u00e5l Platsledningsgruppen och respektive ledare skall efter genomf\u00f6rd tr\u00e4ning: Utvecklat sin f\u00f6rm\u00e5ga att genomf\u00f6ra effektiva operativa platsledningsm\u00f6ten enligt Visuell Planering Produktion (VPP) Utvecklat en god f\u00f6rm\u00e5ga att tillsammans planera verksamheten, d\u00e4r delm\u00e5l och milstolpar&hellip;\" \/>\n<meta property=\"og:url\" content=\"https:\/\/www.hammarsten.biz\/?p=942\" \/>\n<meta property=\"og:site_name\" content=\"Hammarsten Ledarutveckling\" \/>\n<meta property=\"article:published_time\" content=\"2019-11-26T15:09:24+00:00\" \/>\n<meta property=\"article:modified_time\" content=\"2024-10-31T18:11:12+00:00\" \/>\n<meta property=\"og:image\" content=\"https:\/\/www.hammarsten.biz\/wp-content\/uploads\/2019\/11\/15C73006-B666-4955-9691-34DA39922449_1_105_c-225x300.jpeg\" \/>\n<meta name=\"author\" content=\"Lennart Hammarsten\" \/>\n<meta name=\"twitter:label1\" content=\"Written by\" \/>\n\t<meta name=\"twitter:data1\" content=\"Lennart Hammarsten\" \/>\n\t<meta name=\"twitter:label2\" content=\"Est. reading time\" \/>\n\t<meta name=\"twitter:data2\" content=\"3 minutes\" \/>\n<script type=\"application\/ld+json\" class=\"yoast-schema-graph\">{\"@context\":\"https:\\\/\\\/schema.org\",\"@graph\":[{\"@type\":\"Article\",\"@id\":\"https:\\\/\\\/www.hammarsten.biz\\\/?p=942#article\",\"isPartOf\":{\"@id\":\"https:\\\/\\\/www.hammarsten.biz\\\/?p=942\"},\"author\":{\"name\":\"Lennart Hammarsten\",\"@id\":\"https:\\\/\\\/www.hammarsten.biz\\\/#\\\/schema\\\/person\\\/eb92f3c577e8526f411c58c448f55b7b\"},\"headline\":\"Praktisk ledartr\u00e4ning i verklig milj\u00f6 f\u00f6r Platschef och Arbetsledare\",\"datePublished\":\"2019-11-26T15:09:24+00:00\",\"dateModified\":\"2024-10-31T18:11:12+00:00\",\"mainEntityOfPage\":{\"@id\":\"https:\\\/\\\/www.hammarsten.biz\\\/?p=942\"},\"wordCount\":566,\"image\":{\"@id\":\"https:\\\/\\\/www.hammarsten.biz\\\/?p=942#primaryimage\"},\"thumbnailUrl\":\"https:\\\/\\\/www.hammarsten.biz\\\/wp-content\\\/uploads\\\/2019\\\/11\\\/15C73006-B666-4955-9691-34DA39922449_1_105_c-225x300.jpeg\",\"articleSection\":[\"Hammarstens-modellen\",\"Ledartr\u00e4ning\"],\"inLanguage\":\"en-US\"},{\"@type\":\"WebPage\",\"@id\":\"https:\\\/\\\/www.hammarsten.biz\\\/?p=942\",\"url\":\"https:\\\/\\\/www.hammarsten.biz\\\/?p=942\",\"name\":\"Praktisk ledartr\u00e4ning i verklig milj\u00f6 f\u00f6r Platschef och Arbetsledare - Hammarsten Ledarutveckling\",\"isPartOf\":{\"@id\":\"https:\\\/\\\/www.hammarsten.biz\\\/#website\"},\"primaryImageOfPage\":{\"@id\":\"https:\\\/\\\/www.hammarsten.biz\\\/?p=942#primaryimage\"},\"image\":{\"@id\":\"https:\\\/\\\/www.hammarsten.biz\\\/?p=942#primaryimage\"},\"thumbnailUrl\":\"https:\\\/\\\/www.hammarsten.biz\\\/wp-content\\\/uploads\\\/2019\\\/11\\\/15C73006-B666-4955-9691-34DA39922449_1_105_c-225x300.jpeg\",\"datePublished\":\"2019-11-26T15:09:24+00:00\",\"dateModified\":\"2024-10-31T18:11:12+00:00\",\"author\":{\"@id\":\"https:\\\/\\\/www.hammarsten.biz\\\/#\\\/schema\\\/person\\\/eb92f3c577e8526f411c58c448f55b7b\"},\"breadcrumb\":{\"@id\":\"https:\\\/\\\/www.hammarsten.biz\\\/?p=942#breadcrumb\"},\"inLanguage\":\"en-US\",\"potentialAction\":[{\"@type\":\"ReadAction\",\"target\":[\"https:\\\/\\\/www.hammarsten.biz\\\/?p=942\"]}]},{\"@type\":\"ImageObject\",\"inLanguage\":\"en-US\",\"@id\":\"https:\\\/\\\/www.hammarsten.biz\\\/?p=942#primaryimage\",\"url\":\"https:\\\/\\\/www.hammarsten.biz\\\/wp-content\\\/uploads\\\/2019\\\/11\\\/15C73006-B666-4955-9691-34DA39922449_1_105_c.jpeg\",\"contentUrl\":\"https:\\\/\\\/www.hammarsten.biz\\\/wp-content\\\/uploads\\\/2019\\\/11\\\/15C73006-B666-4955-9691-34DA39922449_1_105_c.jpeg\",\"width\":768,\"height\":1024},{\"@type\":\"BreadcrumbList\",\"@id\":\"https:\\\/\\\/www.hammarsten.biz\\\/?p=942#breadcrumb\",\"itemListElement\":[{\"@type\":\"ListItem\",\"position\":1,\"name\":\"Hem\",\"item\":\"https:\\\/\\\/www.hammarsten.biz\\\/\"},{\"@type\":\"ListItem\",\"position\":2,\"name\":\"Praktisk ledartr\u00e4ning i verklig milj\u00f6 f\u00f6r Platschef och Arbetsledare\"}]},{\"@type\":\"WebSite\",\"@id\":\"https:\\\/\\\/www.hammarsten.biz\\\/#website\",\"url\":\"https:\\\/\\\/www.hammarsten.biz\\\/\",\"name\":\"Hammarsten Ledarutveckling\",\"description\":\"\",\"potentialAction\":[{\"@type\":\"SearchAction\",\"target\":{\"@type\":\"EntryPoint\",\"urlTemplate\":\"https:\\\/\\\/www.hammarsten.biz\\\/?s={search_term_string}\"},\"query-input\":{\"@type\":\"PropertyValueSpecification\",\"valueRequired\":true,\"valueName\":\"search_term_string\"}}],\"inLanguage\":\"en-US\"},{\"@type\":\"Person\",\"@id\":\"https:\\\/\\\/www.hammarsten.biz\\\/#\\\/schema\\\/person\\\/eb92f3c577e8526f411c58c448f55b7b\",\"name\":\"Lennart Hammarsten\",\"image\":{\"@type\":\"ImageObject\",\"inLanguage\":\"en-US\",\"@id\":\"https:\\\/\\\/secure.gravatar.com\\\/avatar\\\/e595dc786207b17b2344edc77601cb2f45f5ca811fff1ba29ceafad2e910c01a?s=96&d=mm&r=g\",\"url\":\"https:\\\/\\\/secure.gravatar.com\\\/avatar\\\/e595dc786207b17b2344edc77601cb2f45f5ca811fff1ba29ceafad2e910c01a?s=96&d=mm&r=g\",\"contentUrl\":\"https:\\\/\\\/secure.gravatar.com\\\/avatar\\\/e595dc786207b17b2344edc77601cb2f45f5ca811fff1ba29ceafad2e910c01a?s=96&d=mm&r=g\",\"caption\":\"Lennart Hammarsten\"},\"sameAs\":[\"https:\\\/\\\/www.hammarsten.biz\"],\"url\":\"https:\\\/\\\/www.hammarsten.biz\\\/?author=4\"}]}<\/script>\n<!-- \/ Yoast SEO plugin. -->","yoast_head_json":{"title":"Praktisk ledartr\u00e4ning i verklig milj\u00f6 f\u00f6r Platschef och Arbetsledare - Hammarsten Ledarutveckling","robots":{"index":"index","follow":"follow","max-snippet":"max-snippet:-1","max-image-preview":"max-image-preview:large","max-video-preview":"max-video-preview:-1"},"canonical":"https:\/\/www.hammarsten.biz\/?p=942","og_locale":"en_US","og_type":"article","og_title":"Praktisk ledartr\u00e4ning i verklig milj\u00f6 f\u00f6r Platschef och Arbetsledare - Hammarsten Ledarutveckling","og_description":"Ledartr\u00e4ning f\u00f6r platschef- och arbetsledare\u00a0inom ramen f\u00f6r Hammarstens-modellen. M\u00e5ls\u00e4ttning: Platsledningsm\u00f6te DELTAGARE: Platschef, arbetsledare och Entreprenadingeng\u00f6r \u00d6vergripande m\u00e5l Platsledningsgruppen och respektive ledare skall efter genomf\u00f6rd tr\u00e4ning: Utvecklat sin f\u00f6rm\u00e5ga att genomf\u00f6ra effektiva operativa platsledningsm\u00f6ten enligt Visuell Planering Produktion (VPP) Utvecklat en god f\u00f6rm\u00e5ga att tillsammans planera verksamheten, d\u00e4r delm\u00e5l och milstolpar&hellip;","og_url":"https:\/\/www.hammarsten.biz\/?p=942","og_site_name":"Hammarsten Ledarutveckling","article_published_time":"2019-11-26T15:09:24+00:00","article_modified_time":"2024-10-31T18:11:12+00:00","og_image":[{"url":"https:\/\/www.hammarsten.biz\/wp-content\/uploads\/2019\/11\/15C73006-B666-4955-9691-34DA39922449_1_105_c-225x300.jpeg","type":"","width":"","height":""}],"author":"Lennart Hammarsten","twitter_misc":{"Written by":"Lennart Hammarsten","Est. reading time":"3 minutes"},"schema":{"@context":"https:\/\/schema.org","@graph":[{"@type":"Article","@id":"https:\/\/www.hammarsten.biz\/?p=942#article","isPartOf":{"@id":"https:\/\/www.hammarsten.biz\/?p=942"},"author":{"name":"Lennart Hammarsten","@id":"https:\/\/www.hammarsten.biz\/#\/schema\/person\/eb92f3c577e8526f411c58c448f55b7b"},"headline":"Praktisk ledartr\u00e4ning i verklig milj\u00f6 f\u00f6r Platschef och Arbetsledare","datePublished":"2019-11-26T15:09:24+00:00","dateModified":"2024-10-31T18:11:12+00:00","mainEntityOfPage":{"@id":"https:\/\/www.hammarsten.biz\/?p=942"},"wordCount":566,"image":{"@id":"https:\/\/www.hammarsten.biz\/?p=942#primaryimage"},"thumbnailUrl":"https:\/\/www.hammarsten.biz\/wp-content\/uploads\/2019\/11\/15C73006-B666-4955-9691-34DA39922449_1_105_c-225x300.jpeg","articleSection":["Hammarstens-modellen","Ledartr\u00e4ning"],"inLanguage":"en-US"},{"@type":"WebPage","@id":"https:\/\/www.hammarsten.biz\/?p=942","url":"https:\/\/www.hammarsten.biz\/?p=942","name":"Praktisk ledartr\u00e4ning i verklig milj\u00f6 f\u00f6r Platschef och Arbetsledare - Hammarsten Ledarutveckling","isPartOf":{"@id":"https:\/\/www.hammarsten.biz\/#website"},"primaryImageOfPage":{"@id":"https:\/\/www.hammarsten.biz\/?p=942#primaryimage"},"image":{"@id":"https:\/\/www.hammarsten.biz\/?p=942#primaryimage"},"thumbnailUrl":"https:\/\/www.hammarsten.biz\/wp-content\/uploads\/2019\/11\/15C73006-B666-4955-9691-34DA39922449_1_105_c-225x300.jpeg","datePublished":"2019-11-26T15:09:24+00:00","dateModified":"2024-10-31T18:11:12+00:00","author":{"@id":"https:\/\/www.hammarsten.biz\/#\/schema\/person\/eb92f3c577e8526f411c58c448f55b7b"},"breadcrumb":{"@id":"https:\/\/www.hammarsten.biz\/?p=942#breadcrumb"},"inLanguage":"en-US","potentialAction":[{"@type":"ReadAction","target":["https:\/\/www.hammarsten.biz\/?p=942"]}]},{"@type":"ImageObject","inLanguage":"en-US","@id":"https:\/\/www.hammarsten.biz\/?p=942#primaryimage","url":"https:\/\/www.hammarsten.biz\/wp-content\/uploads\/2019\/11\/15C73006-B666-4955-9691-34DA39922449_1_105_c.jpeg","contentUrl":"https:\/\/www.hammarsten.biz\/wp-content\/uploads\/2019\/11\/15C73006-B666-4955-9691-34DA39922449_1_105_c.jpeg","width":768,"height":1024},{"@type":"BreadcrumbList","@id":"https:\/\/www.hammarsten.biz\/?p=942#breadcrumb","itemListElement":[{"@type":"ListItem","position":1,"name":"Hem","item":"https:\/\/www.hammarsten.biz\/"},{"@type":"ListItem","position":2,"name":"Praktisk ledartr\u00e4ning i verklig milj\u00f6 f\u00f6r Platschef och Arbetsledare"}]},{"@type":"WebSite","@id":"https:\/\/www.hammarsten.biz\/#website","url":"https:\/\/www.hammarsten.biz\/","name":"Hammarsten Ledarutveckling","description":"","potentialAction":[{"@type":"SearchAction","target":{"@type":"EntryPoint","urlTemplate":"https:\/\/www.hammarsten.biz\/?s={search_term_string}"},"query-input":{"@type":"PropertyValueSpecification","valueRequired":true,"valueName":"search_term_string"}}],"inLanguage":"en-US"},{"@type":"Person","@id":"https:\/\/www.hammarsten.biz\/#\/schema\/person\/eb92f3c577e8526f411c58c448f55b7b","name":"Lennart Hammarsten","image":{"@type":"ImageObject","inLanguage":"en-US","@id":"https:\/\/secure.gravatar.com\/avatar\/e595dc786207b17b2344edc77601cb2f45f5ca811fff1ba29ceafad2e910c01a?s=96&d=mm&r=g","url":"https:\/\/secure.gravatar.com\/avatar\/e595dc786207b17b2344edc77601cb2f45f5ca811fff1ba29ceafad2e910c01a?s=96&d=mm&r=g","contentUrl":"https:\/\/secure.gravatar.com\/avatar\/e595dc786207b17b2344edc77601cb2f45f5ca811fff1ba29ceafad2e910c01a?s=96&d=mm&r=g","caption":"Lennart Hammarsten"},"sameAs":["https:\/\/www.hammarsten.biz"],"url":"https:\/\/www.hammarsten.biz\/?author=4"}]}},"_links":{"self":[{"href":"https:\/\/www.hammarsten.biz\/index.php?rest_route=\/wp\/v2\/posts\/942","targetHints":{"allow":["GET"]}}],"collection":[{"href":"https:\/\/www.hammarsten.biz\/index.php?rest_route=\/wp\/v2\/posts"}],"about":[{"href":"https:\/\/www.hammarsten.biz\/index.php?rest_route=\/wp\/v2\/types\/post"}],"author":[{"embeddable":true,"href":"https:\/\/www.hammarsten.biz\/index.php?rest_route=\/wp\/v2\/users\/4"}],"replies":[{"embeddable":true,"href":"https:\/\/www.hammarsten.biz\/index.php?rest_route=%2Fwp%2Fv2%2Fcomments&post=942"}],"version-history":[{"count":5,"href":"https:\/\/www.hammarsten.biz\/index.php?rest_route=\/wp\/v2\/posts\/942\/revisions"}],"predecessor-version":[{"id":1203,"href":"https:\/\/www.hammarsten.biz\/index.php?rest_route=\/wp\/v2\/posts\/942\/revisions\/1203"}],"wp:attachment":[{"href":"https:\/\/www.hammarsten.biz\/index.php?rest_route=%2Fwp%2Fv2%2Fmedia&parent=942"}],"wp:term":[{"taxonomy":"category","embeddable":true,"href":"https:\/\/www.hammarsten.biz\/index.php?rest_route=%2Fwp%2Fv2%2Fcategories&post=942"},{"taxonomy":"post_tag","embeddable":true,"href":"https:\/\/www.hammarsten.biz\/index.php?rest_route=%2Fwp%2Fv2%2Ftags&post=942"}],"curies":[{"name":"wp","href":"https:\/\/api.w.org\/{rel}","templated":true}]}}